{"id":400,"date":"2017-11-16T15:52:35","date_gmt":"2017-11-16T15:52:35","guid":{"rendered":"https:\/\/www.gica.tn\/fr\/?p=400"},"modified":"2020-02-18T15:55:10","modified_gmt":"2020-02-18T15:55:10","slug":"participation-au-siamap-2017","status":"publish","type":"post","link":"https:\/\/www.gica.tn\/fr\/?p=400","title":{"rendered":"Participation au SIAMAP 2017"},"content":{"rendered":"\n<div class=\"wp-block-image\"><figure class=\"aligncenter size-large is-resized\"><img loading=\"lazy\" decoding=\"async\" src=\"https:\/\/www.gica.tn\/fr\/wp-content\/uploads\/2020\/02\/Affiche-SIAMAP-2017-1.jpg\" alt=\"Affiche SIAMAP 2017\" class=\"wp-image-403\" width=\"361\" height=\"302\" srcset=\"https:\/\/www.gica.tn\/fr\/wp-content\/uploads\/2020\/02\/Affiche-SIAMAP-2017-1.jpg 940w, https:\/\/www.gica.tn\/fr\/wp-content\/uploads\/2020\/02\/Affiche-SIAMAP-2017-1-300x251.jpg 300w, https:\/\/www.gica.tn\/fr\/wp-content\/uploads\/2020\/02\/Affiche-SIAMAP-2017-1-768x644.jpg 768w, https:\/\/www.gica.tn\/fr\/wp-content\/uploads\/2020\/02\/Affiche-SIAMAP-2017-1-66x55.jpg 66w, https:\/\/www.gica.tn\/fr\/wp-content\/uploads\/2020\/02\/Affiche-SIAMAP-2017-1-624x523.jpg 624w\" sizes=\"(max-width: 361px) 100vw, 361px\" \/><\/figure><\/div>\n\n\n\n<p>La 13<sup>\u00e8me&nbsp;<\/sup>\u00e9dition du Salon International de l&rsquo;Agriculture, du Machinisme Agricole et de la P\u00eache&nbsp;&nbsp;<a href=\"https:\/\/www.facebook.com\/hashtag\/siamap?source=feed_text&amp;story_id=825337884341576\">#SIAMAP<\/a>,&nbsp;s&rsquo;est tenue du 31 Octobre jusqu&rsquo;au 5 Novembre, et a \u00e9t\u00e9&nbsp;inaugur\u00e9e&nbsp;par Mr le chef du gouvernement accompagn\u00e9 par MM les Ministres charg\u00e9s de l\u2019agriculture et du Commerce.<\/p>\n\n\n\n<p>Un stand GICA d\u00e9di\u00e9 \u00e0 la promotion de la harissa label a \u00e9t\u00e9 mis en place en collaboration avec le projet PAMPAT \u00e0 cette occasion, et des s\u00e9ances de d\u00e9gustation de produits pr\u00e9par\u00e9s avec notre ingr\u00e9dient magique ont \u00e9t\u00e9 programm\u00e9es tout le long de cette semaine.<\/p>\n","protected":false},"excerpt":{"rendered":"<p>La 13\u00e8me \u00e9dition du Salon International de l&rsquo;Agriculture, du Machinisme Agricole et de la P\u00eache  #SIAMAP, s&rsquo;est tenue du 31 Octobre jusqu&rsquo;au 5 Novembre, et a \u00e9t\u00e9 inaugur\u00e9e par Mr le chef du gouvernement accompagn\u00e9 par MM les Ministres charg\u00e9s de l\u2019agriculture et du Commerce.<\/p>\n","protected":false},"author":1,"featured_media":401,"comment_status":"closed","ping_status":"closed","sticky":false,"template":"","format":"standard","meta":{"footnotes":""},"categories":[1],"tags":[76],"class_list":["post-400","post","type-post","status-publish","format-standard","has-post-thumbnail","hentry","category-non-classe","tag-siamap-2017"],"_links":{"self":[{"href":"https:\/\/www.gica.tn\/fr\/index.php?rest_route=\/wp\/v2\/posts\/400"}],"collection":[{"href":"https:\/\/www.gica.tn\/fr\/index.php?rest_route=\/wp\/v2\/posts"}],"about":[{"href":"https:\/\/www.gica.tn\/fr\/index.php?rest_route=\/wp\/v2\/types\/post"}],"author":[{"embeddable":true,"href":"https:\/\/www.gica.tn\/fr\/index.php?rest_route=\/wp\/v2\/users\/1"}],"replies":[{"embeddable":true,"href":"https:\/\/www.gica.tn\/fr\/index.php?rest_route=%2Fwp%2Fv2%2Fcomments&post=400"}],"version-history":[{"count":2,"href":"https:\/\/www.gica.tn\/fr\/index.php?rest_route=\/wp\/v2\/posts\/400\/revisions"}],"predecessor-version":[{"id":404,"href":"https:\/\/www.gica.tn\/fr\/index.php?rest_route=\/wp\/v2\/posts\/400\/revisions\/404"}],"wp:featuredmedia":[{"embeddable":true,"href":"https:\/\/www.gica.tn\/fr\/index.php?rest_route=\/wp\/v2\/media\/401"}],"wp:attachment":[{"href":"https:\/\/www.gica.tn\/fr\/index.php?rest_route=%2Fwp%2Fv2%2Fmedia&parent=400"}],"wp:term":[{"taxonomy":"category","embeddable":true,"href":"https:\/\/www.gica.tn\/fr\/index.php?rest_route=%2Fwp%2Fv2%2Fcategories&post=400"},{"taxonomy":"post_tag","embeddable":true,"href":"https:\/\/www.gica.tn\/fr\/index.php?rest_route=%2Fwp%2Fv2%2Ftags&post=400"}],"curies":[{"name":"wp","href":"https:\/\/api.w.org\/{rel}","templated":true}]}}