{"id":1412,"date":"2025-06-17T11:31:03","date_gmt":"2025-06-17T11:31:03","guid":{"rendered":"https:\/\/www.gica.tn\/fr\/?p=1412"},"modified":"2025-06-19T10:22:57","modified_gmt":"2025-06-19T10:22:57","slug":"un-gout-de-la-tunisie-au-coeur-de-belgrade","status":"publish","type":"post","link":"https:\/\/www.gica.tn\/fr\/?p=1412","title":{"rendered":"Un go\u00fbt de la Tunisie au c\u0153ur de Belgrade !"},"content":{"rendered":"\n<figure class=\"wp-block-image size-large\"><img loading=\"lazy\" decoding=\"async\" width=\"1024\" height=\"682\" src=\"https:\/\/www.gica.tn\/fr\/wp-content\/uploads\/2025\/06\/ambassade-1024x682.jpg\" alt=\"\" class=\"wp-image-1413\" srcset=\"https:\/\/www.gica.tn\/fr\/wp-content\/uploads\/2025\/06\/ambassade-1024x682.jpg 1024w, https:\/\/www.gica.tn\/fr\/wp-content\/uploads\/2025\/06\/ambassade-300x200.jpg 300w, https:\/\/www.gica.tn\/fr\/wp-content\/uploads\/2025\/06\/ambassade-768x511.jpg 768w, https:\/\/www.gica.tn\/fr\/wp-content\/uploads\/2025\/06\/ambassade-1536x1022.jpg 1536w, https:\/\/www.gica.tn\/fr\/wp-content\/uploads\/2025\/06\/ambassade-83x55.jpg 83w, https:\/\/www.gica.tn\/fr\/wp-content\/uploads\/2025\/06\/ambassade-947x630.jpg 947w, https:\/\/www.gica.tn\/fr\/wp-content\/uploads\/2025\/06\/ambassade-624x415.jpg 624w, https:\/\/www.gica.tn\/fr\/wp-content\/uploads\/2025\/06\/ambassade-84x56.jpg 84w, https:\/\/www.gica.tn\/fr\/wp-content\/uploads\/2025\/06\/ambassade-1320x878.jpg 1320w, https:\/\/www.gica.tn\/fr\/wp-content\/uploads\/2025\/06\/ambassade.jpg 2048w\" sizes=\"(max-width: 1024px) 100vw, 1024px\" \/><\/figure>\n\n\n\n<p><a href=\"https:\/\/www.facebook.com\/share\/p\/1ADKNY7SRd\">https:\/\/www.facebook.com\/share\/p\/1ADKNY7SRd<\/a><\/p>\n\n\n\n<p class=\"has-small-font-size\">Cliquer sur le lien au dessus pour voir la publication.<\/p>\n\n\n\n<p><img loading=\"lazy\" decoding=\"async\" height=\"16\" width=\"16\" src=\"https:\/\/static.xx.fbcdn.net\/images\/emoji.php\/v9\/tf4\/1\/16\/2728.png\" alt=\"&#x2728;\"><img loading=\"lazy\" decoding=\"async\" height=\"16\" width=\"16\" src=\"https:\/\/static.xx.fbcdn.net\/images\/emoji.php\/v9\/te6\/1\/16\/1f1f9_1f1f3.png\" alt=\"&#x1f1f9;&#x1f1f3;\"> Une Soir\u00e9e Tunisienne M\u00e9morable \u00e0 Belgrade <img loading=\"lazy\" decoding=\"async\" height=\"16\" width=\"16\" src=\"https:\/\/static.xx.fbcdn.net\/images\/emoji.php\/v9\/tf4\/1\/16\/2728.png\" alt=\"&#x2728;\"><img loading=\"lazy\" decoding=\"async\" height=\"16\" width=\"16\" src=\"https:\/\/static.xx.fbcdn.net\/images\/emoji.php\/v9\/te9\/1\/16\/1f1f7_1f1f8.png\" alt=\"&#x1f1f7;&#x1f1f8;\"><\/p>\n\n\n\n<p><a><\/a>Retour en images sur une soir\u00e9e sp\u00e9ciale organis\u00e9e le 12 juin 2025, \u00e0 la Villa Jelena sous le th\u00e8me \u00ab\u00a0Route vers les Balkans : Go\u00fbt Tunisien, Atmosph\u00e8re m\u00e9diterran\u00e9enne. \u00ab\u00a0<\/p>\n\n\n\n<p>Sinc\u00e8res remerciements \u00e0 tous nos invit\u00e9s pour leur pr\u00e9sence, leur enthousiasme et leur v\u00e9ritable int\u00e9r\u00eat pour la Tunisie, terre d&rsquo;hospitalit\u00e9, de culture et de saveurs riches.<\/p>\n\n\n\n<p><img loading=\"lazy\" decoding=\"async\" height=\"16\" width=\"16\" src=\"https:\/\/static.xx.fbcdn.net\/images\/emoji.php\/v9\/tff\/1\/16\/1f3a5.png\" alt=\"&#x1f3a5;\"> Regardez les moments forts de cette soir\u00e9e m\u00e9morable !<\/p>\n\n\n\n<p><a href=\"https:\/\/www.facebook.com\/100064467831198\/videos\/2556525591356918\" data-type=\"link\" data-id=\"https:\/\/www.facebook.com\/100064467831198\/videos\/2556525591356918\">https:\/\/www.facebook.com\/100064467831198\/videos\/2556525591356918<\/a><\/p>\n\n\n\n<p class=\"has-text-align-right has-small-font-size\">Cliquer sur le lien au dessus pour voir la publication.<\/p>\n\n\n\n<figure class=\"wp-block-video\"><video controls loop muted poster=\"https:\/\/www.gica.tn\/fr\/wp-content\/uploads\/2025\/06\/TN-Blg.jpg\" preload=\"auto\" src=\"https:\/\/www.gica.tn\/fr\/wp-content\/uploads\/2025\/06\/Tunisia-belgrade-1.mp4\"><\/video><\/figure>\n","protected":false},"excerpt":{"rendered":"<p>https:\/\/www.facebook.com\/share\/p\/1ADKNY7SRd Cliquer sur le lien au dessus pour voir la publication. Une Soir\u00e9e Tunisienne M\u00e9morable \u00e0 Belgrade Retour en images sur une soir\u00e9e sp\u00e9ciale organis\u00e9e le 12 juin 2025, \u00e0 [&hellip;]<\/p>\n","protected":false},"author":1,"featured_media":1413,"comment_status":"open","ping_status":"closed","sticky":true,"template":"","format":"standard","meta":{"footnotes":""},"categories":[3],"tags":[41],"class_list":["post-1412","post","type-post","status-publish","format-standard","has-post-thumbnail","hentry","category-actualite","tag-gica"],"_links":{"self":[{"href":"https:\/\/www.gica.tn\/fr\/index.php?rest_route=\/wp\/v2\/posts\/1412"}],"collection":[{"href":"https:\/\/www.gica.tn\/fr\/index.php?rest_route=\/wp\/v2\/posts"}],"about":[{"href":"https:\/\/www.gica.tn\/fr\/index.php?rest_route=\/wp\/v2\/types\/post"}],"author":[{"embeddable":true,"href":"https:\/\/www.gica.tn\/fr\/index.php?rest_route=\/wp\/v2\/users\/1"}],"replies":[{"embeddable":true,"href":"https:\/\/www.gica.tn\/fr\/index.php?rest_route=%2Fwp%2Fv2%2Fcomments&post=1412"}],"version-history":[{"count":6,"href":"https:\/\/www.gica.tn\/fr\/index.php?rest_route=\/wp\/v2\/posts\/1412\/revisions"}],"predecessor-version":[{"id":1426,"href":"https:\/\/www.gica.tn\/fr\/index.php?rest_route=\/wp\/v2\/posts\/1412\/revisions\/1426"}],"wp:featuredmedia":[{"embeddable":true,"href":"https:\/\/www.gica.tn\/fr\/index.php?rest_route=\/wp\/v2\/media\/1413"}],"wp:attachment":[{"href":"https:\/\/www.gica.tn\/fr\/index.php?rest_route=%2Fwp%2Fv2%2Fmedia&parent=1412"}],"wp:term":[{"taxonomy":"category","embeddable":true,"href":"https:\/\/www.gica.tn\/fr\/index.php?rest_route=%2Fwp%2Fv2%2Fcategories&post=1412"},{"taxonomy":"post_tag","embeddable":true,"href":"https:\/\/www.gica.tn\/fr\/index.php?rest_route=%2Fwp%2Fv2%2Ftags&post=1412"}],"curies":[{"name":"wp","href":"https:\/\/api.w.org\/{rel}","templated":true}]}}