{"id":1289,"date":"2024-10-30T08:47:01","date_gmt":"2024-10-30T08:47:01","guid":{"rendered":"https:\/\/www.gica.tn\/fr\/?p=1289"},"modified":"2024-10-30T08:50:42","modified_gmt":"2024-10-30T08:50:42","slug":"participation-du-gica-au-salon-international-de-linvestissement-agricole-et-de-la-technologie-siat-2024","status":"publish","type":"post","link":"https:\/\/www.gica.tn\/fr\/?p=1289","title":{"rendered":"Participation du GICA au Salon International de l&rsquo;Investissement Agricole et de la Technologie SIAT 2024"},"content":{"rendered":"\n<figure class=\"wp-block-image size-large\"><img loading=\"lazy\" decoding=\"async\" width=\"1024\" height=\"576\" src=\"https:\/\/www.gica.tn\/fr\/wp-content\/uploads\/2024\/10\/Affiche-SIAT-Fr-1024x576.png\" alt=\"\" class=\"wp-image-1290\" srcset=\"https:\/\/www.gica.tn\/fr\/wp-content\/uploads\/2024\/10\/Affiche-SIAT-Fr-1024x576.png 1024w, https:\/\/www.gica.tn\/fr\/wp-content\/uploads\/2024\/10\/Affiche-SIAT-Fr-300x169.png 300w, https:\/\/www.gica.tn\/fr\/wp-content\/uploads\/2024\/10\/Affiche-SIAT-Fr-768x432.png 768w, https:\/\/www.gica.tn\/fr\/wp-content\/uploads\/2024\/10\/Affiche-SIAT-Fr-98x55.png 98w, https:\/\/www.gica.tn\/fr\/wp-content\/uploads\/2024\/10\/Affiche-SIAT-Fr-947x532.png 947w, https:\/\/www.gica.tn\/fr\/wp-content\/uploads\/2024\/10\/Affiche-SIAT-Fr-624x351.png 624w, https:\/\/www.gica.tn\/fr\/wp-content\/uploads\/2024\/10\/Affiche-SIAT-Fr-1320x742.png 1320w, https:\/\/www.gica.tn\/fr\/wp-content\/uploads\/2024\/10\/Affiche-SIAT-Fr.png 1366w\" sizes=\"(max-width: 1024px) 100vw, 1024px\" \/><\/figure>\n\n\n\n<p>Retrouvez le Groupement des Industries de Conserves Alimentaires au Salon International de l&rsquo;Investissement Agricole et de la Technologie SIAT qui se tiendra du 30 Octobre au 02 Novembre 2024 au Parc des Expositions du Kram \u2013 Tunis.<\/p>\n\n\n\n<p>Lors de cet \u00e9v\u00e9nement, le GICA exposera une vari\u00e9t\u00e9 de conserves et semi-conserves de fruits, l\u00e9gumes, ainsi que des produits de la mer et de l\u2019aquaculture afin de mettre en valeur la diversit\u00e9 et la qualit\u00e9 des produits tunisiens aupr\u00e8s des visiteurs.<\/p>\n\n\n\n<p>Soyez au rendez-vous !<\/p>\n","protected":false},"excerpt":{"rendered":"<p>Retrouvez le Groupement des Industries de Conserves Alimentaires au Salon International de l&rsquo;Investissement Agricole et de la Technologie SIAT qui se tiendra du 30 Octobre au 02 Novembre 2024 au [&hellip;]<\/p>\n","protected":false},"author":1,"featured_media":1290,"comment_status":"open","ping_status":"closed","sticky":true,"template":"","format":"standard","meta":{"footnotes":""},"categories":[3],"tags":[173,41,172,174],"class_list":["post-1289","post","type-post","status-publish","format-standard","has-post-thumbnail","hentry","category-actualite","tag-173","tag-gica","tag-parc-des-expositions-kram","tag-siat"],"_links":{"self":[{"href":"https:\/\/www.gica.tn\/fr\/index.php?rest_route=\/wp\/v2\/posts\/1289"}],"collection":[{"href":"https:\/\/www.gica.tn\/fr\/index.php?rest_route=\/wp\/v2\/posts"}],"about":[{"href":"https:\/\/www.gica.tn\/fr\/index.php?rest_route=\/wp\/v2\/types\/post"}],"author":[{"embeddable":true,"href":"https:\/\/www.gica.tn\/fr\/index.php?rest_route=\/wp\/v2\/users\/1"}],"replies":[{"embeddable":true,"href":"https:\/\/www.gica.tn\/fr\/index.php?rest_route=%2Fwp%2Fv2%2Fcomments&post=1289"}],"version-history":[{"count":1,"href":"https:\/\/www.gica.tn\/fr\/index.php?rest_route=\/wp\/v2\/posts\/1289\/revisions"}],"predecessor-version":[{"id":1291,"href":"https:\/\/www.gica.tn\/fr\/index.php?rest_route=\/wp\/v2\/posts\/1289\/revisions\/1291"}],"wp:featuredmedia":[{"embeddable":true,"href":"https:\/\/www.gica.tn\/fr\/index.php?rest_route=\/wp\/v2\/media\/1290"}],"wp:attachment":[{"href":"https:\/\/www.gica.tn\/fr\/index.php?rest_route=%2Fwp%2Fv2%2Fmedia&parent=1289"}],"wp:term":[{"taxonomy":"category","embeddable":true,"href":"https:\/\/www.gica.tn\/fr\/index.php?rest_route=%2Fwp%2Fv2%2Fcategories&post=1289"},{"taxonomy":"post_tag","embeddable":true,"href":"https:\/\/www.gica.tn\/fr\/index.php?rest_route=%2Fwp%2Fv2%2Ftags&post=1289"}],"curies":[{"name":"wp","href":"https:\/\/api.w.org\/{rel}","templated":true}]}}