{"id":1158,"date":"2024-07-01T11:30:20","date_gmt":"2024-07-01T11:30:20","guid":{"rendered":"https:\/\/www.gica.tn\/fr\/?p=1158"},"modified":"2024-09-13T14:46:24","modified_gmt":"2024-09-13T14:46:24","slug":"deuxieme-edition-du-salon-international-food-show-africa-ifsa-africa-2","status":"publish","type":"post","link":"https:\/\/www.gica.tn\/fr\/?p=1158","title":{"rendered":"Deuxi\u00e8me \u00e9dition du salon International Food Show Africa (IFSA Africa)."},"content":{"rendered":"\n<figure class=\"wp-block-image size-full\"><img loading=\"lazy\" decoding=\"async\" width=\"933\" height=\"718\" src=\"https:\/\/www.gica.tn\/fr\/wp-content\/uploads\/2024\/07\/salon-agro-web1.png\" alt=\"\" class=\"wp-image-1262\" srcset=\"https:\/\/www.gica.tn\/fr\/wp-content\/uploads\/2024\/07\/salon-agro-web1.png 933w, https:\/\/www.gica.tn\/fr\/wp-content\/uploads\/2024\/07\/salon-agro-web1-300x231.png 300w, https:\/\/www.gica.tn\/fr\/wp-content\/uploads\/2024\/07\/salon-agro-web1-768x591.png 768w, https:\/\/www.gica.tn\/fr\/wp-content\/uploads\/2024\/07\/salon-agro-web1-71x55.png 71w, https:\/\/www.gica.tn\/fr\/wp-content\/uploads\/2024\/07\/salon-agro-web1-624x480.png 624w\" sizes=\"(max-width: 933px) 100vw, 933px\" \/><\/figure>\n\n\n\n<p>Dans le cadre de son soutien continu aux op\u00e9rateurs du secteur des conserves et semi-conserves alimentaires, le <a href=\"https:\/\/www.facebook.com\/GICA.TUNISIE?__cft__[0]=AZXtj3cRQpLjQGJzMs1Ph8QxGJlxRPy6ealjoPcT1dYzJity378iyAsx6TWTj6-umS2mCssrLhMJiKNa6v5FPK79iQcS14ctvMF0bGyArE565ZT0KkIkCxnCMyFbMGzKnIhNj0Fu-Ru5QbFYwr1XQz_ekQB_rYV0ma7rjNattWMZnzU-xKrqX9tO0cM_08EXEq0kVPXolTGSUpxwTnoG8lU6&amp;__tn__=-]K-R\">GICA, Groupement des Industries de Conserves Alimentaires<\/a> participera \u00e0 la deuxi\u00e8me \u00e9dition du salon International Food Show Africa (<a href=\"https:\/\/www.facebook.com\/ifsaafrica?__cft__[0]=AZXtj3cRQpLjQGJzMs1Ph8QxGJlxRPy6ealjoPcT1dYzJity378iyAsx6TWTj6-umS2mCssrLhMJiKNa6v5FPK79iQcS14ctvMF0bGyArE565ZT0KkIkCxnCMyFbMGzKnIhNj0Fu-Ru5QbFYwr1XQz_ekQB_rYV0ma7rjNattWMZnzU-xKrqX9tO0cM_08EXEq0kVPXolTGSUpxwTnoG8lU6&amp;__tn__=-]K-R\">IFSA Africa<\/a>).<\/p>\n\n\n\n<p>\u00c0 cette occasion, nous exposerons une gamme vari\u00e9e de conserves et semi-conserves de fruits, l\u00e9gumes et produits de la mer.<\/p>\n\n\n\n<p><img loading=\"lazy\" decoding=\"async\" height=\"16\" width=\"16\" alt=\"&#x1f4c5;\" src=\"https:\/\/static.xx.fbcdn.net\/images\/emoji.php\/v9\/t7e\/1\/16\/1f4c5.png\">Venez nous rendre visite du <img loading=\"lazy\" decoding=\"async\" height=\"16\" width=\"16\" alt=\"3&#xfe0f;&#x20e3;\" src=\"https:\/\/static.xx.fbcdn.net\/images\/emoji.php\/v9\/tb8\/1\/16\/33_20e3.png\"> au <img loading=\"lazy\" decoding=\"async\" height=\"16\" width=\"16\" alt=\"5&#xfe0f;&#x20e3;\" src=\"https:\/\/static.xx.fbcdn.net\/images\/emoji.php\/v9\/tf6\/1\/16\/35_20e3.png\"> juillet au Parc des Expositions du Kram.<\/p>\n","protected":false},"excerpt":{"rendered":"<p>Dans le cadre de son soutien continu aux op\u00e9rateurs du secteur des conserves et semi-conserves alimentaires, le GICA, Groupement des Industries de Conserves Alimentaires participera \u00e0 la deuxi\u00e8me \u00e9dition du [&hellip;]<\/p>\n","protected":false},"author":1,"featured_media":1262,"comment_status":"closed","ping_status":"closed","sticky":true,"template":"","format":"standard","meta":{"footnotes":""},"categories":[3,1],"tags":[166],"class_list":["post-1158","post","type-post","status-publish","format-standard","has-post-thumbnail","hentry","category-actualite","category-non-classe","tag-salon-international-food-show-africa-ifsa-africa"],"_links":{"self":[{"href":"https:\/\/www.gica.tn\/fr\/index.php?rest_route=\/wp\/v2\/posts\/1158"}],"collection":[{"href":"https:\/\/www.gica.tn\/fr\/index.php?rest_route=\/wp\/v2\/posts"}],"about":[{"href":"https:\/\/www.gica.tn\/fr\/index.php?rest_route=\/wp\/v2\/types\/post"}],"author":[{"embeddable":true,"href":"https:\/\/www.gica.tn\/fr\/index.php?rest_route=\/wp\/v2\/users\/1"}],"replies":[{"embeddable":true,"href":"https:\/\/www.gica.tn\/fr\/index.php?rest_route=%2Fwp%2Fv2%2Fcomments&post=1158"}],"version-history":[{"count":22,"href":"https:\/\/www.gica.tn\/fr\/index.php?rest_route=\/wp\/v2\/posts\/1158\/revisions"}],"predecessor-version":[{"id":1265,"href":"https:\/\/www.gica.tn\/fr\/index.php?rest_route=\/wp\/v2\/posts\/1158\/revisions\/1265"}],"wp:featuredmedia":[{"embeddable":true,"href":"https:\/\/www.gica.tn\/fr\/index.php?rest_route=\/wp\/v2\/media\/1262"}],"wp:attachment":[{"href":"https:\/\/www.gica.tn\/fr\/index.php?rest_route=%2Fwp%2Fv2%2Fmedia&parent=1158"}],"wp:term":[{"taxonomy":"category","embeddable":true,"href":"https:\/\/www.gica.tn\/fr\/index.php?rest_route=%2Fwp%2Fv2%2Fcategories&post=1158"},{"taxonomy":"post_tag","embeddable":true,"href":"https:\/\/www.gica.tn\/fr\/index.php?rest_route=%2Fwp%2Fv2%2Ftags&post=1158"}],"curies":[{"name":"wp","href":"https:\/\/api.w.org\/{rel}","templated":true}]}}